{"id":7328,"date":"2025-08-12T15:27:36","date_gmt":"2025-08-12T12:27:36","guid":{"rendered":"https:\/\/www.kameleonten.fi\/?p=7328"},"modified":"2025-08-12T15:42:46","modified_gmt":"2025-08-12T12:42:46","slug":"fm-veckan-i-alberga-idrottspark-14-17-8","status":"publish","type":"post","link":"https:\/\/www.kameleonten.fi\/sv\/fm-veckan-i-alberga-idrottspark-14-17-8\/","title":{"rendered":"FM -veckan i Alberga Idrottspark 14. &#8211; 17.8."},"content":{"rendered":"<style>.wp-block-kadence-advancedheading.kt-adv-heading7328_36adac-72, .wp-block-kadence-advancedheading.kt-adv-heading7328_36adac-72[data-kb-block=\"kb-adv-heading7328_36adac-72\"]{font-style:normal;}.wp-block-kadence-advancedheading.kt-adv-heading7328_36adac-72 mark.kt-highlight, .wp-block-kadence-advancedheading.kt-adv-heading7328_36adac-72[data-kb-block=\"kb-adv-heading7328_36adac-72\"] mark.kt-highlight{font-style:normal;color:#f76a0c;-webkit-box-decoration-break:clone;box-decoration-break:clone;padding-top:0px;padding-right:0px;padding-bottom:0px;padding-left:0px;}.wp-block-kadence-advancedheading.kt-adv-heading7328_36adac-72 img.kb-inline-image, .wp-block-kadence-advancedheading.kt-adv-heading7328_36adac-72[data-kb-block=\"kb-adv-heading7328_36adac-72\"] img.kb-inline-image{width:150px;vertical-align:baseline;}<\/style>\n<p class=\"kt-adv-heading7328_36adac-72 wp-block-kadence-advancedheading\" data-kb-block=\"kb-adv-heading7328_36adac-72\">Kameleonten -hallen \u00e4r reserverad f\u00f6r t\u00e4vlingarna m\u00e5n 11.8. &#8211; m\u00e5n 18.8. Kom och f\u00f6lj med t\u00e4vlingarna 14.8. &#8211; 17.8., det \u00e4r fritt intr\u00e4de. T\u00e4vlingsprogrammet hittar du via <a href=\"https:\/\/sm-viikko.fi\/espoo\/aikataulu\/\">l\u00e4nken<\/a>.<\/p>\n","protected":false},"excerpt":{"rendered":"<p>Kameleonten -hallen \u00e4r reserverad f\u00f6r t\u00e4vlingarna m\u00e5n 11.8. &#8211; m\u00e5n 18.8. Kom och f\u00f6lj med t\u00e4vlingarna 14.8. &#8211; 17.8., det&#8230;<\/p>\n","protected":false},"author":2,"featured_media":0,"comment_status":"closed","ping_status":"closed","sticky":false,"template":"","format":"standard","meta":{"_acf_changed":false,"inline_featured_image":false,"_kad_blocks_custom_css":"","_kad_blocks_head_custom_js":"","_kad_blocks_body_custom_js":"","_kad_blocks_footer_custom_js":"","_kadence_starter_templates_imported_post":false,"_kad_post_transparent":"","_kad_post_title":"","_kad_post_layout":"","_kad_post_sidebar_id":"","_kad_post_content_style":"","_kad_post_vertical_padding":"","_kad_post_feature":"","_kad_post_feature_position":"","_kad_post_header":false,"_kad_post_footer":false,"_kad_post_classname":"","footnotes":""},"categories":[8],"tags":[],"class_list":["post-7328","post","type-post","status-publish","format-standard","hentry","category-okategoriserad"],"acf":[],"yoast_head":"<!-- This site is optimized with the Yoast SEO plugin v27.5 - https:\/\/yoast.com\/product\/yoast-seo-wordpress\/ -->\n<title>FM -veckan i Alberga Idrottspark 14. - 17.8. - Kameleonten<\/title>\n<meta name=\"robots\" content=\"index, follow, max-snippet:-1, max-image-preview:large, max-video-preview:-1\" \/>\n<link rel=\"canonical\" href=\"https:\/\/www.kameleonten.fi\/sv\/fm-veckan-i-alberga-idrottspark-14-17-8\/\" \/>\n<meta property=\"og:locale\" content=\"sv_SE\" \/>\n<meta property=\"og:type\" content=\"article\" \/>\n<meta property=\"og:title\" content=\"FM -veckan i Alberga Idrottspark 14. - 17.8. - Kameleonten\" \/>\n<meta property=\"og:description\" content=\"Kameleonten -hallen \u00e4r reserverad f\u00f6r t\u00e4vlingarna m\u00e5n 11.8. &#8211; m\u00e5n 18.8. Kom och f\u00f6lj med t\u00e4vlingarna 14.8. &#8211; 17.8., det...\" \/>\n<meta property=\"og:url\" content=\"https:\/\/www.kameleonten.fi\/sv\/fm-veckan-i-alberga-idrottspark-14-17-8\/\" \/>\n<meta property=\"og:site_name\" content=\"Kameleonten\" \/>\n<meta property=\"article:published_time\" content=\"2025-08-12T12:27:36+00:00\" \/>\n<meta property=\"article:modified_time\" content=\"2025-08-12T12:42:46+00:00\" \/>\n<meta name=\"author\" content=\"Kameleonten\" \/>\n<meta name=\"twitter:card\" content=\"summary_large_image\" \/>\n<meta name=\"twitter:label1\" content=\"Skriven av\" \/>\n\t<meta name=\"twitter:data1\" content=\"Kameleonten\" \/>\n<script type=\"application\/ld+json\" class=\"yoast-schema-graph\">{\"@context\":\"https:\\\/\\\/schema.org\",\"@graph\":[{\"@type\":\"Article\",\"@id\":\"https:\\\/\\\/www.kameleonten.fi\\\/sv\\\/fm-veckan-i-alberga-idrottspark-14-17-8\\\/#article\",\"isPartOf\":{\"@id\":\"https:\\\/\\\/www.kameleonten.fi\\\/sv\\\/fm-veckan-i-alberga-idrottspark-14-17-8\\\/\"},\"author\":{\"name\":\"Kameleonten\",\"@id\":\"https:\\\/\\\/www.kameleonten.fi\\\/sv\\\/#\\\/schema\\\/person\\\/493a7561eae50ea0c02377659d63bb41\"},\"headline\":\"FM -veckan i Alberga Idrottspark 14. &#8211; 17.8.\",\"datePublished\":\"2025-08-12T12:27:36+00:00\",\"dateModified\":\"2025-08-12T12:42:46+00:00\",\"mainEntityOfPage\":{\"@id\":\"https:\\\/\\\/www.kameleonten.fi\\\/sv\\\/fm-veckan-i-alberga-idrottspark-14-17-8\\\/\"},\"wordCount\":39,\"publisher\":{\"@id\":\"https:\\\/\\\/www.kameleonten.fi\\\/sv\\\/#organization\"},\"articleSection\":[\"Okategoriserad\"],\"inLanguage\":\"sv-SE\"},{\"@type\":\"WebPage\",\"@id\":\"https:\\\/\\\/www.kameleonten.fi\\\/sv\\\/fm-veckan-i-alberga-idrottspark-14-17-8\\\/\",\"url\":\"https:\\\/\\\/www.kameleonten.fi\\\/sv\\\/fm-veckan-i-alberga-idrottspark-14-17-8\\\/\",\"name\":\"FM -veckan i Alberga Idrottspark 14. - 17.8. - Kameleonten\",\"isPartOf\":{\"@id\":\"https:\\\/\\\/www.kameleonten.fi\\\/sv\\\/#website\"},\"datePublished\":\"2025-08-12T12:27:36+00:00\",\"dateModified\":\"2025-08-12T12:42:46+00:00\",\"breadcrumb\":{\"@id\":\"https:\\\/\\\/www.kameleonten.fi\\\/sv\\\/fm-veckan-i-alberga-idrottspark-14-17-8\\\/#breadcrumb\"},\"inLanguage\":\"sv-SE\",\"potentialAction\":[{\"@type\":\"ReadAction\",\"target\":[\"https:\\\/\\\/www.kameleonten.fi\\\/sv\\\/fm-veckan-i-alberga-idrottspark-14-17-8\\\/\"]}]},{\"@type\":\"BreadcrumbList\",\"@id\":\"https:\\\/\\\/www.kameleonten.fi\\\/sv\\\/fm-veckan-i-alberga-idrottspark-14-17-8\\\/#breadcrumb\",\"itemListElement\":[{\"@type\":\"ListItem\",\"position\":1,\"name\":\"Home\",\"item\":\"https:\\\/\\\/www.kameleonten.fi\\\/sv\\\/\"},{\"@type\":\"ListItem\",\"position\":2,\"name\":\"FM -veckan i Alberga Idrottspark 14. &#8211; 17.8.\"}]},{\"@type\":\"WebSite\",\"@id\":\"https:\\\/\\\/www.kameleonten.fi\\\/sv\\\/#website\",\"url\":\"https:\\\/\\\/www.kameleonten.fi\\\/sv\\\/\",\"name\":\"Kameleonten\",\"description\":\"Harrasta monilajihallissa Lepp&auml;vaarassa\",\"publisher\":{\"@id\":\"https:\\\/\\\/www.kameleonten.fi\\\/sv\\\/#organization\"},\"potentialAction\":[{\"@type\":\"SearchAction\",\"target\":{\"@type\":\"EntryPoint\",\"urlTemplate\":\"https:\\\/\\\/www.kameleonten.fi\\\/sv\\\/?s={search_term_string}\"},\"query-input\":{\"@type\":\"PropertyValueSpecification\",\"valueRequired\":true,\"valueName\":\"search_term_string\"}}],\"inLanguage\":\"sv-SE\"},{\"@type\":\"Organization\",\"@id\":\"https:\\\/\\\/www.kameleonten.fi\\\/sv\\\/#organization\",\"name\":\"Kameleonten\",\"url\":\"https:\\\/\\\/www.kameleonten.fi\\\/sv\\\/\",\"logo\":{\"@type\":\"ImageObject\",\"inLanguage\":\"sv-SE\",\"@id\":\"https:\\\/\\\/www.kameleonten.fi\\\/sv\\\/#\\\/schema\\\/logo\\\/image\\\/\",\"url\":\"https:\\\/\\\/www.kameleonten.fi\\\/wp-content\\\/uploads\\\/2025\\\/03\\\/favicon.svg\",\"contentUrl\":\"https:\\\/\\\/www.kameleonten.fi\\\/wp-content\\\/uploads\\\/2025\\\/03\\\/favicon.svg\",\"width\":108,\"height\":127,\"caption\":\"Kameleonten\"},\"image\":{\"@id\":\"https:\\\/\\\/www.kameleonten.fi\\\/sv\\\/#\\\/schema\\\/logo\\\/image\\\/\"}},{\"@type\":\"Person\",\"@id\":\"https:\\\/\\\/www.kameleonten.fi\\\/sv\\\/#\\\/schema\\\/person\\\/493a7561eae50ea0c02377659d63bb41\",\"name\":\"Kameleonten\",\"sameAs\":[\"https:\\\/\\\/www.kameleonten.fi\"]}]}<\/script>\n<!-- \/ Yoast SEO plugin. -->","yoast_head_json":{"title":"FM -veckan i Alberga Idrottspark 14. - 17.8. - Kameleonten","robots":{"index":"index","follow":"follow","max-snippet":"max-snippet:-1","max-image-preview":"max-image-preview:large","max-video-preview":"max-video-preview:-1"},"canonical":"https:\/\/www.kameleonten.fi\/sv\/fm-veckan-i-alberga-idrottspark-14-17-8\/","og_locale":"sv_SE","og_type":"article","og_title":"FM -veckan i Alberga Idrottspark 14. - 17.8. - Kameleonten","og_description":"Kameleonten -hallen \u00e4r reserverad f\u00f6r t\u00e4vlingarna m\u00e5n 11.8. &#8211; m\u00e5n 18.8. Kom och f\u00f6lj med t\u00e4vlingarna 14.8. &#8211; 17.8., det...","og_url":"https:\/\/www.kameleonten.fi\/sv\/fm-veckan-i-alberga-idrottspark-14-17-8\/","og_site_name":"Kameleonten","article_published_time":"2025-08-12T12:27:36+00:00","article_modified_time":"2025-08-12T12:42:46+00:00","author":"Kameleonten","twitter_card":"summary_large_image","twitter_misc":{"Skriven av":"Kameleonten"},"schema":{"@context":"https:\/\/schema.org","@graph":[{"@type":"Article","@id":"https:\/\/www.kameleonten.fi\/sv\/fm-veckan-i-alberga-idrottspark-14-17-8\/#article","isPartOf":{"@id":"https:\/\/www.kameleonten.fi\/sv\/fm-veckan-i-alberga-idrottspark-14-17-8\/"},"author":{"name":"Kameleonten","@id":"https:\/\/www.kameleonten.fi\/sv\/#\/schema\/person\/493a7561eae50ea0c02377659d63bb41"},"headline":"FM -veckan i Alberga Idrottspark 14. &#8211; 17.8.","datePublished":"2025-08-12T12:27:36+00:00","dateModified":"2025-08-12T12:42:46+00:00","mainEntityOfPage":{"@id":"https:\/\/www.kameleonten.fi\/sv\/fm-veckan-i-alberga-idrottspark-14-17-8\/"},"wordCount":39,"publisher":{"@id":"https:\/\/www.kameleonten.fi\/sv\/#organization"},"articleSection":["Okategoriserad"],"inLanguage":"sv-SE"},{"@type":"WebPage","@id":"https:\/\/www.kameleonten.fi\/sv\/fm-veckan-i-alberga-idrottspark-14-17-8\/","url":"https:\/\/www.kameleonten.fi\/sv\/fm-veckan-i-alberga-idrottspark-14-17-8\/","name":"FM -veckan i Alberga Idrottspark 14. - 17.8. - Kameleonten","isPartOf":{"@id":"https:\/\/www.kameleonten.fi\/sv\/#website"},"datePublished":"2025-08-12T12:27:36+00:00","dateModified":"2025-08-12T12:42:46+00:00","breadcrumb":{"@id":"https:\/\/www.kameleonten.fi\/sv\/fm-veckan-i-alberga-idrottspark-14-17-8\/#breadcrumb"},"inLanguage":"sv-SE","potentialAction":[{"@type":"ReadAction","target":["https:\/\/www.kameleonten.fi\/sv\/fm-veckan-i-alberga-idrottspark-14-17-8\/"]}]},{"@type":"BreadcrumbList","@id":"https:\/\/www.kameleonten.fi\/sv\/fm-veckan-i-alberga-idrottspark-14-17-8\/#breadcrumb","itemListElement":[{"@type":"ListItem","position":1,"name":"Home","item":"https:\/\/www.kameleonten.fi\/sv\/"},{"@type":"ListItem","position":2,"name":"FM -veckan i Alberga Idrottspark 14. &#8211; 17.8."}]},{"@type":"WebSite","@id":"https:\/\/www.kameleonten.fi\/sv\/#website","url":"https:\/\/www.kameleonten.fi\/sv\/","name":"Kameleonten","description":"Harrasta monilajihallissa Lepp&auml;vaarassa","publisher":{"@id":"https:\/\/www.kameleonten.fi\/sv\/#organization"},"potentialAction":[{"@type":"SearchAction","target":{"@type":"EntryPoint","urlTemplate":"https:\/\/www.kameleonten.fi\/sv\/?s={search_term_string}"},"query-input":{"@type":"PropertyValueSpecification","valueRequired":true,"valueName":"search_term_string"}}],"inLanguage":"sv-SE"},{"@type":"Organization","@id":"https:\/\/www.kameleonten.fi\/sv\/#organization","name":"Kameleonten","url":"https:\/\/www.kameleonten.fi\/sv\/","logo":{"@type":"ImageObject","inLanguage":"sv-SE","@id":"https:\/\/www.kameleonten.fi\/sv\/#\/schema\/logo\/image\/","url":"https:\/\/www.kameleonten.fi\/wp-content\/uploads\/2025\/03\/favicon.svg","contentUrl":"https:\/\/www.kameleonten.fi\/wp-content\/uploads\/2025\/03\/favicon.svg","width":108,"height":127,"caption":"Kameleonten"},"image":{"@id":"https:\/\/www.kameleonten.fi\/sv\/#\/schema\/logo\/image\/"}},{"@type":"Person","@id":"https:\/\/www.kameleonten.fi\/sv\/#\/schema\/person\/493a7561eae50ea0c02377659d63bb41","name":"Kameleonten","sameAs":["https:\/\/www.kameleonten.fi"]}]}},"taxonomy_info":{"category":[{"value":8,"label":"Okategoriserad"}]},"featured_image_src_large":false,"author_info":{"display_name":"Kameleonten","author_link":"https:\/\/www.kameleonten.fi\/sv\/author\/kam_editor\/"},"comment_info":0,"category_info":[{"term_id":8,"name":"Okategoriserad","slug":"okategoriserad","term_group":0,"term_taxonomy_id":8,"taxonomy":"category","description":"","parent":0,"count":14,"filter":"raw","cat_ID":8,"category_count":14,"category_description":"","cat_name":"Okategoriserad","category_nicename":"okategoriserad","category_parent":0}],"tag_info":false,"_links":{"self":[{"href":"https:\/\/www.kameleonten.fi\/sv\/wp-json\/wp\/v2\/posts\/7328","targetHints":{"allow":["GET"]}}],"collection":[{"href":"https:\/\/www.kameleonten.fi\/sv\/wp-json\/wp\/v2\/posts"}],"about":[{"href":"https:\/\/www.kameleonten.fi\/sv\/wp-json\/wp\/v2\/types\/post"}],"author":[{"embeddable":true,"href":"https:\/\/www.kameleonten.fi\/sv\/wp-json\/wp\/v2\/users\/2"}],"replies":[{"embeddable":true,"href":"https:\/\/www.kameleonten.fi\/sv\/wp-json\/wp\/v2\/comments?post=7328"}],"version-history":[{"count":2,"href":"https:\/\/www.kameleonten.fi\/sv\/wp-json\/wp\/v2\/posts\/7328\/revisions"}],"predecessor-version":[{"id":7346,"href":"https:\/\/www.kameleonten.fi\/sv\/wp-json\/wp\/v2\/posts\/7328\/revisions\/7346"}],"wp:attachment":[{"href":"https:\/\/www.kameleonten.fi\/sv\/wp-json\/wp\/v2\/media?parent=7328"}],"wp:term":[{"taxonomy":"category","embeddable":true,"href":"https:\/\/www.kameleonten.fi\/sv\/wp-json\/wp\/v2\/categories?post=7328"},{"taxonomy":"post_tag","embeddable":true,"href":"https:\/\/www.kameleonten.fi\/sv\/wp-json\/wp\/v2\/tags?post=7328"}],"curies":[{"name":"wp","href":"https:\/\/api.w.org\/{rel}","templated":true}]}}